[{"@context":"https:\/\/schema.org\/","@type":"Article","@id":"https:\/\/www.ddspk.cz\/kvalifikovany-pristup-v-prazskem-alzheimer-centru\/#Article","mainEntityOfPage":"https:\/\/www.ddspk.cz\/kvalifikovany-pristup-v-prazskem-alzheimer-centru\/","headline":"Kvalifikovan\u00fd p\u0159\u00edstup v pra\u017esk\u00e9m Alzheimer centru","name":"Kvalifikovan\u00fd p\u0159\u00edstup v pra\u017esk\u00e9m Alzheimer centru","description":"Pobyt v centru pro nemocn\u00e9 Alzheimerovou chorobou p\u0159edstavuje uleh\u010den\u00ed situace nejen pro n\u011b samotn\u00e9, ale i pro ostatn\u00ed \u010dleny rodiny. Jedna z nejt\u011b\u017e\u0161\u00edch chorob, kter\u00e1 bohu\u017eel v posledn\u00edch letech podle statistik nab\u00fdv\u00e1 na objemu, vy\u017eaduje nesm\u00edrn\u00e9 \u00fasil\u00ed a klade zna\u010dn\u00e9 n\u00e1roky na o\u0161et\u0159ovatelskou praxi, je\u017e nemus\u00ed nejbli\u017e\u0161\u00ed p\u0159\u00edbuzn\u00ed zvl\u00e1dat. Navzdory kvalifikovan\u00e9 l\u00e9ka\u0159sk\u00e9 p\u00e9\u010di se v\u0161ak [&hellip;]","datePublished":"2018-06-22","dateModified":"2023-06-08","author":{"@type":"Person","@id":"https:\/\/www.ddspk.cz\/author\/devene\/#Person","name":"devene","url":"https:\/\/www.ddspk.cz\/author\/devene\/","identifier":1,"image":{"@type":"ImageObject","@id":"https:\/\/secure.gravatar.com\/avatar\/163f6c65c8acab43fa062eaf19866aeb6d6c2adc4d5c2462700a89e6feec77a0?s=96&d=mm&r=g","url":"https:\/\/secure.gravatar.com\/avatar\/163f6c65c8acab43fa062eaf19866aeb6d6c2adc4d5c2462700a89e6feec77a0?s=96&d=mm&r=g","height":96,"width":96}},"publisher":{"@type":"Organization","name":"ddspk.cz","logo":{"@type":"ImageObject","@id":"\/logo.png","url":"\/logo.png","width":600,"height":60}},"image":{"@type":"ImageObject","@id":"https:\/\/www.ddspk.cz\/wp-content\/uploads\/img_a318197_w2249_t1528958371.jpg","url":"https:\/\/www.ddspk.cz\/wp-content\/uploads\/img_a318197_w2249_t1528958371.jpg","height":0,"width":0},"url":"https:\/\/www.ddspk.cz\/kvalifikovany-pristup-v-prazskem-alzheimer-centru\/","about":["Vzd\u011bl\u00e1n\u00ed"],"wordCount":456,"articleBody":"    Pobyt v centru pro nemocn\u00e9 Alzheimerovou chorobou p\u0159edstavuje uleh\u010den\u00ed situace nejen pro n\u011b samotn\u00e9, ale i pro ostatn\u00ed \u010dleny rodiny. Jedna z nejt\u011b\u017e\u0161\u00edch chorob, kter\u00e1 bohu\u017eel v posledn\u00edch letech podle statistik nab\u00fdv\u00e1 na objemu, vy\u017eaduje nesm\u00edrn\u00e9 \u00fasil\u00ed a klade zna\u010dn\u00e9 n\u00e1roky na o\u0161et\u0159ovatelskou praxi, je\u017e nemus\u00ed nejbli\u017e\u0161\u00ed p\u0159\u00edbuzn\u00ed zvl\u00e1dat. Navzdory kvalifikovan\u00e9 l\u00e9ka\u0159sk\u00e9 p\u00e9\u010di se v\u0161ak po\u010det nemocn\u00fdch neust\u00e1le zvy\u0161uje a nutno podotknout, \u017ee zna\u010dn\u00fd pozitivn\u00ed vliv m\u00e1 zdrav\u00fd \u017eivotn\u00ed styl a dostate\u010dn\u00e1 prevence. Specializovan\u00e1 centra pro t\u011b\u017ece nemocn\u00e9, kam se \u0159adily i tyto osoby, se bohu\u017eel d\u00edky minul\u00e9mu re\u017eimu net\u011b\u0161\u00ed p\u0159\u00edli\u0161 velk\u00e9 oblib\u011b. Je to zp\u016fsobeno \u0161patnou pov\u011bst\u00ed t\u011bchto za\u0159\u00edzen\u00ed, kdy lid\u00e9 posti\u017een\u00ed byli sp\u00ed\u0161 o\u0161et\u0159ovatel\u016fm na obt\u00ed\u017e. Klienti se museli p\u0159izp\u016fsobovat obslu\u017en\u00e9mu person\u00e1lu. V sou\u010dasn\u00e9 dob\u011b se sna\u017e\u00ed pracovn\u00edci center odv\u00e1d\u011bt dob\u0159e nejen svou pr\u00e1ci, ale br\u00e1t ji jako sv\u00e9 \u017eivotn\u00ed posl\u00e1n\u00ed. Nemocn\u00ed tud\u00ed\u017e maj\u00ed pr\u00e1vo \u017e\u00edt tak, jako ostatn\u00ed lid\u00e9, pouze s p\u0159ihl\u00e9dnut\u00edm k jejich zdravotn\u00edmu stavu, pota\u017emo jejich schopnostem. Mohou se voln\u011b pohybovat, jsou motivov\u00e1ni k tv\u016fr\u010d\u00ed \u010dinnosti, \u017eivot nen\u00ed zkr\u00e1tka jen o pobytu v uzav\u0159en\u00e9 m\u00edstnosti, mezi \u010dty\u0159mi st\u011bnami jako ve v\u011bzen\u00ed s o\u010dek\u00e1v\u00e1n\u00edm, kdy bude kone\u010dn\u011b ob\u011bd, a kdy ve\u010de\u0159e. Denn\u00ed re\u017eim v pra\u017esk\u00e9m Alzheimer centru je tedy pestr\u00fd a tak\u00e9 se st\u00e1v\u00e1, \u017ee i v pokro\u010dil\u00e9m v\u011bku lid\u00e9 navazuj\u00ed nov\u00e9 vztahy a nejsou omezov\u00e1n\u00ed ani v sexu\u00e1ln\u00edm partnersk\u00e9m sou\u017eit\u00ed. Strava nemocn\u00fdch Postupuj\u00edc\u00ed st\u00e1dia choroby se vyzna\u010duj\u00ed t\u00edm, \u017ee posti\u017een\u00ed ub\u00fdvaj\u00ed na v\u00e1ze. A\u010dkoliv p\u0159ij\u00edmaj\u00ed dostatek v\u00fd\u017eivn\u00e9 potravy, poruchy mozkov\u00fdch funkc\u00ed zp\u016fsobuj\u00ed nedostate\u010dnou schopnost organismu optim\u00e1ln\u011b ji zu\u017eitkovat. Ve v\u00fdjime\u010dn\u00fdch p\u0159\u00edpadech, jako jsou letn\u00ed vedra nebo ch\u0159ipkov\u00e9 epidemie, se pacient\u016fm mus\u00ed pod\u00e1vat j\u00eddlo v men\u0161\u00edch d\u00e1vk\u00e1ch a \u010dast\u011bji. \u0158ada center se sna\u017e\u00ed spolupracovat s rodinn\u00fdmi pek\u00e1rnami a dod\u00e1vat pokrmy z p\u0159\u00edrodn\u00edch zdroj\u016f bez um\u011bl\u00fdch p\u0159\u00edsad, bez instantn\u00edch sm\u011bs\u00ed apod. Pro nemocn\u00e9 je j\u00eddlo jednou z podstatn\u00fdch \u017eivotn\u00edch radost\u00ed a krom\u011b o\u0161et\u0159ovatelsk\u00e9 p\u00e9\u010de, terapeutick\u00fdch pom\u016fcek, baz\u00e1ln\u00ed stimulace a soci\u00e1ln\u00ed p\u00e9\u010de pat\u0159\u00ed k z\u00e1kladn\u00edm funk\u010dn\u00edm mechanism\u016fm center chorob s Alzheimerovou chorobou.                                                                                                                                                                                                                                                                                                                                                                                          3.5\/5 - (6 votes)        "},{"@context":"https:\/\/schema.org\/","@type":"BreadcrumbList","itemListElement":[{"@type":"ListItem","position":1,"name":"Kvalifikovan\u00fd p\u0159\u00edstup v pra\u017esk\u00e9m Alzheimer centru","item":"https:\/\/www.ddspk.cz\/kvalifikovany-pristup-v-prazskem-alzheimer-centru\/#breadcrumbitem"}]}]