[{"@context":"https:\/\/schema.org\/","@type":"Article","@id":"https:\/\/www.ddspk.cz\/vejire\/#Article","mainEntityOfPage":"https:\/\/www.ddspk.cz\/vejire\/","headline":"V\u011bj\u00ed\u0159e","name":"V\u011bj\u00ed\u0159e","description":"I kdy\u017e se \u0159\u00edk\u00e1, \u017ee m\u00f3da jde st\u00e1le kup\u0159edu, tak to tak \u00fapln\u011b pravda nen\u00ed. B\u011b\u017en\u011b se st\u00e1v\u00e1, \u017ee m\u00f3dn\u00ed za\u010dne b\u00fdt op\u011bt retro oble\u010den\u00ed a nebo n\u011bjak\u00e9 star\u0161\u00ed netradi\u010dn\u00ed dopl\u0148ky, mezi kter\u00e9 se \u0159ad\u00ed i v\u011bj\u00ed\u0159e. Samoz\u0159ejm\u011b t\u00edm nechceme \u0159\u00edct, \u017ee by v sou\u010dasn\u00e9 dob\u011b nosila ka\u017ed\u00e1 \u017eena na n\u011bjak\u00e9 spole\u010densk\u00e9 ud\u00e1losti v\u011bj\u00ed\u0159e, ov\u0161em [&hellip;]","datePublished":"2025-04-25","dateModified":"2025-04-25","author":{"@type":"Person","@id":"https:\/\/www.ddspk.cz\/author\/devene\/#Person","name":"devene","url":"https:\/\/www.ddspk.cz\/author\/devene\/","identifier":1,"image":{"@type":"ImageObject","@id":"https:\/\/secure.gravatar.com\/avatar\/163f6c65c8acab43fa062eaf19866aeb6d6c2adc4d5c2462700a89e6feec77a0?s=96&d=mm&r=g","url":"https:\/\/secure.gravatar.com\/avatar\/163f6c65c8acab43fa062eaf19866aeb6d6c2adc4d5c2462700a89e6feec77a0?s=96&d=mm&r=g","height":96,"width":96}},"publisher":{"@type":"Organization","name":"ddspk.cz","logo":{"@type":"ImageObject","@id":"\/logo.png","url":"\/logo.png","width":600,"height":60}},"url":"https:\/\/www.ddspk.cz\/vejire\/","wordCount":230,"articleBody":"I kdy\u017e se \u0159\u00edk\u00e1, \u017ee m\u00f3da jde st\u00e1le kup\u0159edu, tak to tak \u00fapln\u011b pravda nen\u00ed. B\u011b\u017en\u011b se st\u00e1v\u00e1, \u017ee m\u00f3dn\u00ed za\u010dne b\u00fdt op\u011bt retro oble\u010den\u00ed a nebo n\u011bjak\u00e9 star\u0161\u00ed netradi\u010dn\u00ed dopl\u0148ky, mezi kter\u00e9 se \u0159ad\u00ed i v\u011bj\u00ed\u0159e.Samoz\u0159ejm\u011b t\u00edm nechceme \u0159\u00edct, \u017ee by v sou\u010dasn\u00e9 dob\u011b nosila ka\u017ed\u00e1 \u017eena na n\u011bjak\u00e9 spole\u010densk\u00e9 ud\u00e1losti v\u011bj\u00ed\u0159e, ov\u0161em pomalu, ale jist\u011b u\u017e \u017eeny tento skv\u011bl\u00fd dopln\u011bk za\u010d\u00ednaj\u00ed ve v\u011bt\u0161\u00ed m\u00ed\u0159e op\u011bt vyu\u017e\u00edvat, a proto by nebylo na \u0161kodu, kdybyste si tak\u00e9 jeden koupila, nemysl\u00edte? Nev\u00edte-li v jak\u00e9m obchod\u011b, byste jej m\u011bla po\u0159\u00eddit, abyste se za n\u011bj nemusela styd\u011bt, tak se spolehn\u011bte na n\u011bkoho, kdo u\u017e je prod\u00e1v\u00e1 n\u011bjakou dobu.Orient\u00e1ln\u00ed designAno, \u0159e\u010d je o na\u0161em d\u00e1rkov\u00e9m obchod\u011b, ve kter\u00e9m V\u00e1m v bohat\u00e9 nab\u00eddce prod\u00e1v\u00e1me ty nejzaj\u00edmav\u011bj\u0161\u00ed v\u011bj\u00ed\u0159e, o jak\u00fdch se V\u00e1m ani nesnilo.Od reklamac\u00ed, tak jsme na dodavatel\u00edch po\u017eadovali, aby pou\u017e\u00edvali pouze kvalitn\u00ed materi\u00e1ly, kter\u00e9 maj\u00ed dobr\u00e9 vlastnosti a n\u011bco u\u017e vydr\u017e\u00ed. Proto se nemus\u00edte na\u0161e slune\u010dn\u00edky a v\u011bj\u00ed\u0159e b\u00e1t nakupovat.                                                                                                                                                                                                                                                                                                                                                                                                "},{"@context":"https:\/\/schema.org\/","@type":"BreadcrumbList","itemListElement":[{"@type":"ListItem","position":1,"name":"V\u011bj\u00ed\u0159e","item":"https:\/\/www.ddspk.cz\/vejire\/#breadcrumbitem"}]}]