[{"@context":"https:\/\/schema.org\/","@type":"Article","@id":"https:\/\/www.ddspk.cz\/vypadek-elektrickeho-proudu-je-vzdy-nemily\/#Article","mainEntityOfPage":"https:\/\/www.ddspk.cz\/vypadek-elektrickeho-proudu-je-vzdy-nemily\/","headline":"V\u00fdpadek elektrick\u00e9ho proudu je v\u017edy nemil\u00fd","name":"V\u00fdpadek elektrick\u00e9ho proudu je v\u017edy nemil\u00fd","description":"Ka\u017ed\u00fd z n\u00e1s v\u00ed, jak nemil\u00fd je ne\u010dekan\u00fd v\u00fdpadek elektrick\u00e9ho proudu. Ur\u010dit\u011b to u\u017e alespo\u0148 jednou v \u017eivot\u011b za\u017eil ka\u017ed\u00fd z n\u00e1s. V\u011bt\u0161inou je v\u0161e b\u011bhem chv\u00edle napraveno, hor\u0161\u00ed je, kdy\u017e takov\u00e1 situace trv\u00e1 i n\u011bkolik hodin, nap\u0159\u00edklad vlivem nep\u0159\u00edzniv\u00e9ho po\u010das\u00ed. Pak tak\u00e9 existuj\u00ed pl\u00e1novan\u00e9 odst\u00e1vky elektrick\u00e9ho proudu. Jsou tak\u00e9 nemil\u00e9, ale alespo\u0148 se na [&hellip;]","datePublished":"2017-08-12","dateModified":"2023-06-08","author":{"@type":"Person","@id":"https:\/\/www.ddspk.cz\/author\/devene\/#Person","name":"devene","url":"https:\/\/www.ddspk.cz\/author\/devene\/","identifier":1,"image":{"@type":"ImageObject","@id":"https:\/\/secure.gravatar.com\/avatar\/163f6c65c8acab43fa062eaf19866aeb6d6c2adc4d5c2462700a89e6feec77a0?s=96&d=mm&r=g","url":"https:\/\/secure.gravatar.com\/avatar\/163f6c65c8acab43fa062eaf19866aeb6d6c2adc4d5c2462700a89e6feec77a0?s=96&d=mm&r=g","height":96,"width":96}},"publisher":{"@type":"Organization","name":"ddspk.cz","logo":{"@type":"ImageObject","@id":"\/logo.png","url":"\/logo.png","width":600,"height":60}},"image":{"@type":"ImageObject","@id":"https:\/\/www.ddspk.cz\/wp-content\/uploads\/img_a296930_w2329_t1507713262.jpg","url":"https:\/\/www.ddspk.cz\/wp-content\/uploads\/img_a296930_w2329_t1507713262.jpg","height":0,"width":0},"url":"https:\/\/www.ddspk.cz\/vypadek-elektrickeho-proudu-je-vzdy-nemily\/","about":["Zv\u00ed\u0159ata"],"wordCount":395,"articleBody":"     Ka\u017ed\u00fd z n\u00e1s v\u00ed, jak nemil\u00fd je ne\u010dekan\u00fd v\u00fdpadek elektrick\u00e9ho proudu. Ur\u010dit\u011b to u\u017e alespo\u0148 jednou v \u017eivot\u011b za\u017eil ka\u017ed\u00fd z n\u00e1s. V\u011bt\u0161inou je v\u0161e b\u011bhem chv\u00edle napraveno, hor\u0161\u00ed je, kdy\u017e takov\u00e1 situace trv\u00e1 i n\u011bkolik hodin, nap\u0159\u00edklad vlivem nep\u0159\u00edzniv\u00e9ho po\u010das\u00ed. Pak tak\u00e9 existuj\u00ed pl\u00e1novan\u00e9 odst\u00e1vky elektrick\u00e9ho proudu. Jsou tak\u00e9 nemil\u00e9, ale alespo\u0148 se na n\u011b m\u016f\u017eeme dop\u0159edu n\u011bjak p\u0159ipravit. Uspo\u0159\u00e1dat si jinak aktivity, odjet pry\u010d nebo si sehnat n\u00e1hradn\u00ed zdroj elektrick\u00e9ho proudu.   N\u00e1hradn\u00ed zdroj elekt\u0159iny vy\u0159e\u0161\u00ed v\u0161echny pot\u00ed\u017ee Spr\u00e1vn\u011b, m\u016f\u017eete si opat\u0159it n\u00e1hradn\u00ed zdroj, ten se hod\u00ed nejen p\u0159i d\u00e9letrvaj\u00edc\u00edm n\u00e1hl\u00e9m v\u00fdpadku \u010di p\u0159edem ozn\u00e1men\u00e9m v\u00fdpadku elektrick\u00e9ho proudu, ale i na nejr\u016fzn\u011bj\u0161\u00ed akce, kde jin\u00e1 mo\u017enost, jak elektrick\u00fd proud zajistit nen\u00ed. K t\u011bmto akc\u00edm mohou pat\u0159it mal\u00e9 pout\u011b, koncerty, letn\u00ed kina i festivaly. U n\u00e1s m\u00e1te mo\u017enost zap\u016fj\u010dit si elektrocentr\u00e1ly a diesel agreg\u00e1ty na dobu, jakou pot\u0159ebujete. Dovezeme je a\u017e na m\u00edsto, zapoj\u00edme a po skon\u010den\u00ed akce zase odpoj\u00edme a odvezeme. M\u00e1te tak jistotu, \u017ee za\u0159\u00edzen\u00ed odpov\u00edd\u00e1 norm\u00e1m a je v dobr\u00e9m technick\u00e9m stavu a nav\u00edc, \u017ee je spr\u00e1vn\u011b zapojeno. Nemus\u00edte se tedy ob\u00e1vat \u00farazu.    N\u00edzk\u00e9 ceny a komplexn\u00ed slu\u017eby Pod\u00edvejte se, co nab\u00edz\u00edme  a pak se rozhodn\u011bte, kter\u00e1 elektrocentr\u00e1la odpov\u00edd\u00e1 va\u0161im pot\u0159eb\u00e1m. Nechte si nez\u00e1vazn\u011b spo\u010d\u00edtat cenu za pron\u00e1jem a pak u\u017e je na v\u00e1s, zda si ji zap\u016fj\u010d\u00edte nebo ne. Na\u0161e ceny jsou ale velmi n\u00edzk\u00e9. V\u017edy, kdy\u017e hled\u00e1te n\u00e1hradn\u00ed zdroj energie v p\u0159\u00edpad\u011b v\u00fdpadku elektrick\u00e9ho proudu, v p\u0159\u00edpadech, kdy pot\u0159ebujete zajistit elektrick\u00fd proud pro r\u016fzn\u00e9 akce, obra\u0165te se na n\u00e1s. Zap\u016fj\u010d\u00edme v\u00e1m kvalitn\u00ed elektrocentr\u00e1ly \u010di dieselagreg\u00e1t, kter\u00e9 se o elekt\u0159inu postaraj\u00ed. Nyn\u00ed u\u017e se v\u00fdpadk\u016f elekt\u0159iny ob\u00e1vat nemus\u00edte, n\u00e1hradn\u00ed \u0159e\u0161en\u00ed v\u017edy existuje, tak se nebojte ho vyu\u017e\u00edt.                                                                                                                                                                                                                                                                                                                                                                                          4.6\/5 - (9 votes)        "},{"@context":"https:\/\/schema.org\/","@type":"BreadcrumbList","itemListElement":[{"@type":"ListItem","position":1,"name":"V\u00fdpadek elektrick\u00e9ho proudu je v\u017edy nemil\u00fd","item":"https:\/\/www.ddspk.cz\/vypadek-elektrickeho-proudu-je-vzdy-nemily\/#breadcrumbitem"}]}]